{"id":1130,"date":"2022-06-02T13:00:21","date_gmt":"2022-06-02T12:00:21","guid":{"rendered":"https:\/\/www.fixpro.cz\/?p=1130"},"modified":"2022-06-02T13:48:35","modified_gmt":"2022-06-02T12:48:35","slug":"fixprotv-omezeni-pretaceni-reklam-televize-prima","status":"publish","type":"post","link":"https:\/\/fixpro.cz\/omezeni-pretaceni-reklam-televize-prima\/","title":{"rendered":"FixProTV &#8211; omezen\u00ed p\u0159et\u00e1\u010den\u00ed reklam televize Prima"},"content":{"rendered":"<div class=\"container container-padded\">\n<p>Skupina FTV Prima od 1.&nbsp;6.&nbsp;2022 omezuje p\u0159et\u00e1\u010den\u00ed reklam na sv\u00fdch kan\u00e1lech v&nbsp;r\u00e1mci zp\u011btn\u00e9ho sledov\u00e1n\u00ed po\u0159ad\u016f. Tuto novinku Prima zav\u00e1d\u00ed plo\u0161n\u011b u&nbsp;v\u0161ech IPTV oper\u00e1tor\u016f, FixProTV bohu\u017eel toto omezen\u00ed nem\u016f\u017ee nijak ovlivnit, ignorovat ani odlo\u017eit.<br \/>\nTuto funkce je do&nbsp;na\u0161\u00ed televizn\u00ed platformy p\u0159id\u00e1na tak, aby v\u00e1s co nejm\u00e9n\u011b obt\u011b\u017eovala a&nbsp;vy jste st\u00e1le m\u011bli mo\u017enost na\u0161e aplikace plnohodnotn\u011b pou\u017e\u00edvat.<br \/>\nPokud nechcete reklamy sledovat v\u016fbec, m\u016f\u017eete si dokoupit dopl\u0148kov\u00fd bal\u00ed\u010dek \u201ePrima bez reklam\u201c, kter\u00fd v\u00e1m p\u0159eskakov\u00e1n\u00ed reklam umo\u017en\u00ed. <!--more--><\/p>\n<\/div>\n<section>\n<div class=\"container container-padded\">\n<div class=\"row\">\n<div class=\"col-lg-12 col-md-12 text-center\">\n<h2 class=\"platformHeading\">Jak bude omezen\u00ed p\u0159et\u00e1\u010den\u00ed reklam fungovat v\u00a0praxi?<\/h2>\n<\/div>\n<\/div>\n<div class=\"row flex align-items-center\">\n<div class=\"col-lg-6 col-md-12 textBlock\">\n<p class=\"vysvetleniObrazku\">Reklamn\u00ed bloky budou v\u00a0p\u0159ehr\u00e1va\u010di <strong>vyzna\u010deny \u017elut\u011b<\/strong>. Dop\u0159edu tak\u00a0uvid\u00edte, kdy\u00a0reklama za\u010d\u00edn\u00e1.<\/p>\n<\/div>\n<div class=\"col-lg-6 text-center col-md-8 imageBlock\">\n<div><img decoding=\"async\" class=\"ilustracniFotoTCL\" title=\"Reklamy budou ozna\u010deny \u017elut\u011b\" src=\"https:\/\/sledovanitv.cz\/cache\/upload\/reklamni-blok.png\" alt=\"Reklamy budou ozna\u010deny \u017elut\u011b\" \/><\/div>\n<\/div>\n<\/div>\n<div class=\"row flex align-items-center\">\n<div class=\"col-lg-6 text-center col-md-8 imageBlock\">\n<div><img decoding=\"async\" class=\"ilustracniFotoTCL\" title=\"Zp\u011btn\u00e9 p\u0159ehr\u00e1v\u00e1n\u00ed\" src=\"https:\/\/sledovanitv.cz\/cache\/upload\/opr-zpetne-prehravani.png\" alt=\"Zp\u011btn\u00e9 p\u0159ehr\u00e1v\u00e1n\u00ed\" \/><\/div>\n<\/div>\n<div class=\"col-lg-6 col-md-12 textBlock\">\n<p class=\"vysvetleniObrazku\">Zp\u011btn\u00e9 p\u0159ehr\u00e1v\u00e1n\u00ed bude fungovat i\u00a0nad\u00e1le tak, jak\u00a0jste zvykl\u00ed. Tak\u017ee <strong>m\u016f\u017eete p\u0159et\u00e1\u010det dop\u0159edu i\u00a0dozadu<\/strong>.<\/p>\n<\/div>\n<\/div>\n<div class=\"row flex align-items-center\">\n<div class=\"col-lg-6 col-md-12 textBlock\">\n<p class=\"vysvetleniObrazku\">Kdy\u017e se\u00a0za\u010dne p\u0159ehr\u00e1vat reklama, <strong>nem\u016f\u017eete ji\u00a0p\u0159esko\u010dit ani\u00a0p\u0159eto\u010dit<\/strong>. St\u00e1le v\u0161ak m\u016f\u017eete zobrazit lok\u00e1ln\u00ed EPG, p\u0159epnout na\u00a0jin\u00fd kan\u00e1l \u010di p\u0159ej\u00edt do\u00a0menu.<\/p>\n<\/div>\n<div class=\"col-lg-6 text-center col-md-8 imageBlock\">\n<div><img decoding=\"async\" class=\"ilustracniFotoTCL\" title=\"Lok\u00e1ln\u00ed EPG\" src=\"https:\/\/sledovanitv.cz\/cache\/upload\/zpetne-prehravani-zobrazeni-EPG.png\" alt=\"Lok\u00e1ln\u00ed EPG\" \/><\/div>\n<\/div>\n<\/div>\n<div class=\"row flex align-items-center\">\n<div class=\"col-lg-6 text-center col-md-8 imageBlock\">\n<div><img decoding=\"async\" class=\"ilustracniFotoTCL\" title=\"Reklama bude zkr\u00e1cena na 3 minuty\" src=\"https:\/\/sledovanitv.cz\/cache\/upload\/opr-kratka-reklama.png\" alt=\"Reklama bude zkr\u00e1cena na 3 minuty\" \/><\/div>\n<\/div>\n<div class=\"col-lg-6 col-md-12 textBlock\">\n<p class=\"vysvetleniObrazku\">V p\u0159\u00edpad\u011b zp\u011btn\u00e9ho p\u0159ehr\u00e1v\u00e1n\u00ed (tzv. timeshift \u2013 nap\u0159\u00edklad film ze\u00a0v\u010derej\u0161\u00edho ve\u010dera) bude reklama <strong>zkr\u00e1cen\u00e1 na\u00a03 minuty<\/strong>.<\/p>\n<\/div>\n<\/div>\n<div class=\"row flex align-items-center\">\n<div class=\"col-lg-6 col-md-12 textBlock\">\n<p class=\"vysvetleniObrazku\">Po uplynut\u00ed \u010dasu, kter\u00fd vid\u00edte na\u00a0obrazovce, se\u00a0v\u00e1m zobraz\u00ed tla\u010d\u00edtko <strong>P\u0159esko\u010dit reklamu<\/strong>.<\/p>\n<\/div>\n<div class=\"col-lg-6 text-center col-md-8 imageBlock\">\n<div><img decoding=\"async\" class=\"ilustracniFotoTCL\" title=\"Tla\u010d\u00edtko p\u0159esko\u010dit reklamu\" src=\"https:\/\/sledovanitv.cz\/cache\/upload\/preskocit-reklamu.png\" alt=\"Tla\u010d\u00edtko p\u0159esko\u010dit reklamu\" \/><\/div>\n<\/div>\n<\/div>\n<div class=\"row flex align-items-center\">\n<div class=\"col-lg-6 text-center col-md-8 imageBlock\">\n<div><img decoding=\"async\" class=\"ilustracniFotoTCL\" title=\"Ve start-overu bude reklama v cel\u00e9 d\u00e9lce\" src=\"https:\/\/sledovanitv.cz\/cache\/upload\/opr-dlouha-reklama.png\" alt=\"Ve start-overu bude reklama v cel\u00e9 d\u00e9lce\" \/><\/div>\n<\/div>\n<div class=\"col-lg-6 col-md-12 textBlock\">\n<p class=\"vysvetleniObrazku\">P\u0159i sledov\u00e1n\u00ed po\u0159adu, kter\u00fd dle\u00a0televizn\u00edho programu je\u0161t\u011b neskon\u010dil (tzv. start-over) bude reklama odvys\u00edl\u00e1na <strong>v cel\u00e9 d\u00e9lce<\/strong>.<\/p>\n<\/div>\n<\/div>\n<div class=\"row flex align-items-center\">\n<div class=\"col-lg-6 col-md-12 textBlock\">\n<p class=\"vysvetleniObrazku\">Na mobiln\u00edm za\u0159\u00edzen\u00ed a\u00a0webu bude reklama vkl\u00e1dan\u00e1 (podobn\u011b jako na\u00a0YouTube) v\u00a0d\u00e9lce <strong>3\u00a0minuty<\/strong>.<\/p>\n<\/div>\n<div class=\"col-lg-6 text-center col-md-8 imageBlock\">\n<div><img decoding=\"async\" class=\"ilustracniFotoTCL\" title=\"Na mobilu bude reklama vkl\u00e1dan\u00e1\" src=\"https:\/\/sledovanitv.cz\/cache\/upload\/mobilni-reklamy.png\" alt=\"Na mobilu bude reklama vkl\u00e1dan\u00e1\" \/><\/div>\n<\/div>\n<\/div>\n<div class=\"row flex align-items-center\">\n<div class=\"col-lg-6 text-center col-md-8 imageBlock\">\n<div><img decoding=\"async\" class=\"ilustracniFotoTCL\" title=\"60 sekund voln\u00e9ho p\u0159et\u00e1\u010den\u00ed\" src=\"https:\/\/sledovanitv.cz\/cache\/upload\/volne-pretaceni.png\" alt=\"60 sekund voln\u00e9ho p\u0159et\u00e1\u010den\u00ed\" \/><\/div>\n<\/div>\n<div class=\"col-lg-6 col-md-12 textBlock\">\n<p class=\"vysvetleniObrazku\">Po zapnut\u00ed p\u0159ehr\u00e1v\u00e1n\u00ed m\u00e1te na televizi <strong>60 sekund voln\u00e9ho p\u0159et\u00e1\u010den\u00ed<\/strong>. Nej\u010dast\u011bji toho vyu\u017eijete v\u00a0moment\u011b, kdy\u017e pokra\u010dujete ve\u00a0sledov\u00e1n\u00ed ji\u017e rozd\u00edvan\u00e9ho po\u0159adu \u2013 v\u00a0takov\u00e9m p\u0159\u00edpad\u011b se\u00a0m\u016f\u017eete p\u0159esunout do\u00a0jak\u00e9hokoliv bodu p\u0159ehr\u00e1v\u00e1n\u00ed a\u00a0<strong>p\u0159esko\u010dit v\u0161echny reklamy od\u00a0za\u010d\u00e1tku po\u0159adu<\/strong>.<\/p>\n<\/div>\n<\/div>\n<div class=\"row flex align-items-center\">\n<div class=\"col-lg-6 col-md-12 textBlock\">\n<p class=\"vysvetleniObrazku\">Novinkou je\u00a0<strong>ozna\u010den\u00ed za\u010d\u00e1tku po\u0159adu<\/strong> v\u00a0p\u0159ehr\u00e1va\u010di. Po\u00a0p\u0159epnut\u00ed na\u00a0Primu tak\u00a0automaticky p\u0159esko\u010d\u00edte v\u0161echny reklamy a\u00a0uk\u00e1zky. Rovnou se\u00a0tak\u00a0za\u010dnete d\u00edvat na\u00a0po\u0159ad, kter\u00fd jste si\u00a0vybrali.<\/p>\n<\/div>\n<div class=\"col-lg-6 text-center col-md-8 imageBlock\">\n<div><img decoding=\"async\" class=\"ilustracniFotoTCL\" title=\"Za\u010d\u00e1tek po\u0159adu bude jasn\u011b ozna\u010den\" src=\"https:\/\/sledovanitv.cz\/cache\/upload\/zacatek-poradu.png\" alt=\"Za\u010d\u00e1tek po\u0159adu bude jasn\u011b ozna\u010den\" \/><\/div>\n<\/div>\n<\/div>\n<div class=\"row flex align-items-center\">\n<div class=\"col-lg-6 text-center col-md-8 imageBlock\">\n<div><img decoding=\"async\" class=\"ilustracniFotoTCL\" title=\"Koupit bal\u00ed\u010dek bez reklam\" src=\"https:\/\/sledovanitv.cz\/cache\/upload\/koupit-balicek-bez-reklam.png\" alt=\"Koupit bal\u00ed\u010dek bez reklam\" \/><\/div>\n<\/div>\n<div class=\"col-lg-6 col-md-12 textBlock\">\n<p class=\"vysvetleniObrazku\">Reklam se\u00a0m\u016f\u017eete zbavit d\u00edky <strong>bal\u00ed\u010dku \u201eBez reklam\u201c<\/strong> v\u00a0cen\u011b 69\u00a0K\u010d. Pot\u00e9 m\u016f\u017eete reklamy p\u0159eskakovat okam\u017eit\u011b.<\/p>\n<\/div>\n<\/div>\n<\/div>\n<\/section>\n<section class=\"greysection\">\n<div class=\"container container-padded\">\n<div class=\"row\">\n<div class=\"col-lg-12 col-lg-push-0 col-md-12 col-md-push-2 text-center\">\n<h2 class=\"platformHeading\">Jak se\u00a0omezen\u00ed p\u0159et\u00e1\u010den\u00ed reklam projev\u00ed na\u00a0konkr\u00e9tn\u00edch za\u0159\u00edzen\u00edch?<\/h2>\n<\/div>\n<div class=\"col-lg-12 col-lg-push-0 col-md-12 col-md-push-2 textBlock\">\n<p class=\"cover-info\">Omezen\u00ed p\u0159et\u00e1\u010den\u00ed reklam bylo mo\u017en\u00e9 p\u0159idat na\u00a0v\u011bt\u0161inu podporovan\u00fdch za\u0159\u00edzen\u00edch. Na\u0161e aplikace je\u00a0dostupn\u00e1 i\u00a0pro\u00a0za\u0159\u00edzen\u00ed star\u00e1 8\u201310 let, av\u0161ak z\u00a0technologick\u00fdch d\u016fvod\u016f na\u00a0n\u011bkter\u00fdch t\u011bchto star\u0161\u00edch za\u0159\u00edzen\u00edch nejde omezen\u00ed p\u0159et\u00e1\u010den\u00ed reklam vhodn\u011b implementovat. Na\u00a0t\u011bchto za\u0159\u00edzen\u00edch se\u00a0m\u016f\u017ee aplikace za\u010d\u00edt chovat jinak, ne\u017e jste dosud zvykl\u00ed. P\u0159e\u010dt\u011bte si\u00a0pros\u00edm n\u00ed\u017ee, co\u00a0nastane na\u00a0jednotliv\u00fdch typech za\u0159\u00edzen\u00ed.<\/p>\n<\/div>\n<\/div>\n<div class=\"row\">\n<div class=\"col-lg-6 col-lg-push-0 col-md-6 col-md-push-2 textBlock\">\n<div>\n<h3 class=\"platformHeading text-center\">Nov\u00e1 aplikace<\/h3>\n<p class=\"cover-info\">Na\u0161e nov\u00e1 aplikace je\u00a0dostupn\u00e1 pro\u00a0v\u0161echna podporovan\u00e1 za\u0159\u00edzen\u00ed mlad\u0161\u00ed 5\u00a0let, kdy\u00a0nahradila starou aplikaci. Tato aplikace podporuje v\u0161echny funkce, kter\u00e1 d\u011blaj\u00ed sledov\u00e1n\u00ed televize pomoc\u00ed FixProTV je\u0161t\u011b pohodln\u011bj\u0161\u00ed! Jej\u00ed u\u017eivatel\u00e9 si\u00a0cen\u00ed vysok\u00e9 p\u0159ehlednosti, skv\u011bl\u00e9 orientaci v\u00a0nab\u00eddce film\u016f a\u00a0seri\u00e1l\u016f a\u00a0tak\u00e9 vynikaj\u00edc\u00ed stability.<\/p>\n<\/div>\n<div>\n<div><img decoding=\"async\" class=\"ilustracniFoto\" title=\"Nov\u00e1 aplikace ModernTV\" src=\"https:\/\/sledovanitv.cz\/cache\/upload\/nova-aplikace-sledovanitv.png\" alt=\"Nov\u00e1 aplikace ModernTV\" \/><\/div>\n<\/div>\n<div class=\"mb-5\">\n<h4 class=\"platformHeading\">Za\u0159\u00edzen\u00ed s\u00a0novou aplikac\u00ed<\/h4>\n<ul>\n<li>Televizory LG\u00a0ro\u010dn\u00edk 2017 a\u00a0nov\u011bj\u0161\u00ed<\/li>\n<li>Televizory Samsung ro\u010dn\u00edk 2017 a\u00a0nov\u011bj\u0161\u00ed<\/li>\n<li>Televizory Panasonic, Hisense a\u00a0Vestel<\/li>\n<li>Televizory a\u00a0set-top-boxy s\u00a0Android TV<\/li>\n<li>Multimedi\u00e1ln\u00ed centrum Apple TV<\/li>\n<li>Set-top-boxy Arris<\/li>\n<li>FixProTV Android box\u00a0IV. generace<\/li>\n<li>Telefony a\u00a0tablety s\u00a0Android Mobile 5\u00a0a\u00a0vy\u0161\u0161\u00ed<\/li>\n<li>Telefony a\u00a0tablety s\u00a0iOS\u00a012\u00a0a\u00a0vy\u0161\u0161\u00ed<\/li>\n<li>Web<\/li>\n<\/ul>\n<\/div>\n<div class=\"mb-5\">\n<h4 class=\"platformHeading\">Co se\u00a0stane po\u00a01.&nbsp;6.&nbsp;2022<\/h4>\n<p>Vys\u00edl\u00e1n\u00ed bude mo\u017en\u00e9 sledovat zp\u011btn\u011b na\u00a0v\u0161ech kan\u00e1lech v\u010detn\u011b kan\u00e1l\u016f FTV\u00a0Prima<sup>1<\/sup>, nicm\u00e9n\u011b na\u00a0nich bude \u010d\u00e1st reklamy nep\u0159esko\u010diteln\u00e1.<\/p>\n<p class=\"poznamkaPodCarou\"><sup>1<\/sup> Pro\u00a0zp\u011btn\u00e9 sledov\u00e1n\u00ed je\u00a0nutn\u00e9 m\u00edt zakoupenou p\u0159\u00edslu\u0161nou funkci (P+ nebo NP+) \u2013 n\u011bkter\u00e9 na\u0161e bal\u00ed\u010dky ji\u00a0v\u00a0sob\u011b maj\u00ed p\u0159irozen\u011b obsa\u017eenou (nap\u0159\u00edklad Z\u00e1klad \u010di Premium), u\u00a0jin\u00fdch je\u00a0pot\u0159eba ji\u00a0dokoupit jako samostatn\u00fd bal\u00ed\u010dek. Na\u00a0t\u00e9to situaci se\u00a0nic\u00a0nem\u011bn\u00ed, pokud v\u00e1m zp\u011btn\u00e9 sledov\u00e1n\u00ed fungovalo dosud, bude v\u00e1m fungovat i\u00a0nad\u00e1le.<\/p>\n<\/div>\n<div class=\"mb-5\">\n<h4 class=\"platformHeading\">\u010cast\u00e9 ot\u00e1zky<\/h4>\n<ul>\n<li>\n<div><strong>Mohu vyu\u017e\u00edvat zp\u011btn\u00e9 p\u0159ehr\u00e1v\u00e1n\u00ed?<\/strong><\/div>\n<div>Ano, v\u00a0oblasti zp\u011btn\u00e9ho zhl\u00e9dnut\u00ed se\u00a0pro\u00a0v\u00e1s nic\u00a0nem\u011bn\u00ed.<\/div>\n<\/li>\n<li>\n<div><strong>M\u00e1m TV\u00a0Samsung, co\u00a0m\u00e1m d\u011blat?<\/strong><\/div>\n<div>Vy\u010dkejte pros\u00edm na\u00a0aktualizaci aplikace ve\u00a0va\u0161\u00ed televizi. Do\u00a0t\u00e9 doby si\u00a0m\u016f\u017eete dokoupit bal\u00ed\u010dek \u201eBez reklam\u201c, kter\u00fd umo\u017en\u00ed p\u0159eskakov\u00e1n\u00ed reklamy na\u00a0kan\u00e1lech FTV\u00a0Prima. Pot\u00e9 v\u00e1m bude umo\u017en\u011bno i\u00a0zp\u011btn\u00e9 zhl\u00e9dnut\u00ed.<\/div>\n<\/li>\n<li>\n<div><strong>Nechci se\u00a0d\u00edvat na\u00a0reklamu, co\u00a0m\u00e1m d\u011blat?<\/strong><\/div>\n<div>Zakupte si\u00a0dopl\u0148kov\u00fd bal\u00ed\u010dek \u201eBez reklam\u201c, kter\u00fd umo\u017en\u00ed jejich p\u0159eskakov\u00e1n\u00ed.<\/div>\n<\/li>\n<\/ul>\n<\/div>\n<\/div>\n<div class=\"col-lg-6 col-lg-push-0 col-md-6 col-md-push-2 textBlock\">\n<div>\n<h3 class=\"platformHeading text-center\">Star\u00e1 aplikace<\/h3>\n<p class=\"cover-info\">Star\u00e1 aplikace existuje pro\u00a0za\u0159\u00edzen\u00ed, kter\u00e1 byla uvedena na\u00a0trh\u00a0p\u0159ed 5\u00a0lety \u010di je\u0161t\u011b d\u0159\u00edve. U\u00a0u\u017eivatel\u016f byla obl\u00edben\u00e1, proto vedle nov\u00e9 aplikace fungovala i\u00a0nad\u00e1le. Dnes je\u00a0v\u0161ak za\u00a0svou mor\u00e1ln\u00ed \u017eivotnost\u00ed, doporu\u010dujeme proto p\u0159ej\u00edt na\u00a0nov\u011bj\u0161\u00ed za\u0159\u00edzen\u00ed, kter\u00e9 podporuje novou aplikaci se\u00a0v\u0161emi jej\u00edmi funkcemi pro\u00a0pohodln\u00e9 sledov\u00e1n\u00ed televize.<\/p>\n<p>Ale nemus\u00edte, pokud nechcete. Star\u00e1 aplikace v\u00e1m bude fungovat i\u00a0nad\u00e1le. Nem\u016f\u017eeme v\u0161ak zaru\u010dit, \u017ee v\u00a0n\u00ed budou spr\u00e1vn\u011b fungovat ve\u0161ker\u00e9 funkce FixProTV.<\/p>\n<\/div>\n<div>\n<div><img decoding=\"async\" class=\"ilustracniFoto\" title=\"Star\u00e1 aplikace ModernTV\" src=\"https:\/\/sledovanitv.cz\/cache\/upload\/stara-aplikace-sledovanitv.png\" alt=\"Star\u00e1 aplikace ModernTV\" \/><\/div>\n<\/div>\n<div class=\"mb-5\">\n<h4 class=\"platformHeading\">Za\u0159\u00edzen\u00ed se\u00a0starou aplikac\u00ed<\/h4>\n<ul>\n<li>Televizory LG\u00a0ro\u010dn\u00edk 2012 a\u00a0nov\u011bj\u0161\u00ed<sup>2<\/sup><\/li>\n<li>Televizory Samsung ro\u010dn\u00edk 2012 a\u017e 2019<sup>2<\/sup><\/li>\n<li>FixProTV Android box\u00a0I., II.\u00a0a\u00a0III.\u00a0generace<\/li>\n<li>FixProTV Android box\u00a0IV.\u00a0generace<sup>2<\/sup><\/li>\n<li>Telefony a\u00a0tablety s\u00a0Android Mobile 4\u00a0a\u00a0ni\u017e\u0161\u00ed<\/li>\n<li>Telefony a\u00a0tablety s\u00a0iOS\u00a011\u00a0a\u00a0ni\u017e\u0161\u00ed<\/li>\n<li>Streamov\u00e1n\u00ed p\u0159es Chromecast<\/li>\n<\/ul>\n<p class=\"poznamkaPodCarou\"><sup>2<\/sup> Pro\u00a0televizory LG\u00a0a\u00a0Samsung ro\u010dn\u00edk\u016f 2017 a\u00a0nov\u011bj\u0161\u00ed a&nbsp;FixProtTV Android box\u00a0IV.\u00a0generace je\u00a0dostupn\u00e1 nov\u00e1 i\u00a0star\u00e1 aplikace. U\u00a0t\u011bchto za\u0159\u00edzen\u00ed doporu\u010dujeme p\u0159echod na\u00a0novou aplikaci.<\/p>\n<\/div>\n<div class=\"mb-5\">\n<h4 class=\"platformHeading\">Co se\u00a0stane po\u00a01.&nbsp;6.&nbsp;2022<\/h4>\n<p>Star\u00e1 aplikace kv\u016fli technologick\u00fdm omezen\u00edm nedovoluje prov\u00e9st \u00fapravy, kter\u00e9 vy\u017eaduje FTV\u00a0Prima ohledn\u011b z\u00e1kazu p\u0159ehr\u00e1v\u00e1n\u00ed reklam. Proto nov\u011b nen\u00ed mo\u017en\u00e9 vyu\u017e\u00edvat zp\u011btn\u00e9 p\u0159ehr\u00e1v\u00e1n\u00ed na\u00a0kan\u00e1lech FTV\u00a0Prima. Na\u00a0ostatn\u00edch kan\u00e1lech bude mo\u017enost zp\u011btn\u00e9ho sledov\u00e1n\u00ed zachov\u00e1na.<\/p>\n<p>&nbsp;<\/p>\n<\/div>\n<div class=\"mb-5\">\n<h4 class=\"platformHeading\">\u010cast\u00e9 ot\u00e1zky<\/h4>\n<ul>\n<li>\n<div><strong>Mohu op\u011bt za\u010d\u00edt vyu\u017e\u00edvat zp\u011btn\u00e9 p\u0159ehr\u00e1v\u00e1n\u00ed?<\/strong><\/div>\n<div>Ano, nejjednodu\u0161\u0161\u00ed \u0159e\u0161en\u00ed je\u00a0p\u0159ej\u00edt ze\u00a0star\u00e9 aplikace na\u00a0novou<sup>3<\/sup>, co\u017e u\u00a0n\u011bkter\u00fdch u\u017eivatel\u016f bude znamenat n\u00e1kup nov\u00e9ho za\u0159\u00edzen\u00ed, proto\u017ee nov\u00e1 aplikace na\u00a0jejich star\u0161\u00ed p\u0159\u00edstroj ji\u017e kv\u016fli technologick\u00fdm omezen\u00edm nelze nainstalovat.<\/div>\n<\/li>\n<li>\n<div><strong>Chci vyu\u017e\u00edvat zp\u011btn\u00e9 p\u0159ehr\u00e1v\u00e1n\u00ed, ale\u00a0star\u00e1 aplikace mi\u00a0vyhovuje, lze\u00a0si\u00a0ji\u00a0ponechat?<\/strong><\/div>\n<div>Ano, je\u00a0to\u00a0mo\u017en\u00e9, ale\u00a0je\u00a0nutn\u00e9 dokoupit si\u00a0bal\u00ed\u010dek \u201eBez reklam\u201c, kter\u00fd umo\u017en\u00ed p\u0159eskakov\u00e1n\u00ed reklamy na\u00a0kan\u00e1lech FTV\u00a0Prima. Pot\u00e9 v\u00e1m bude umo\u017en\u011bno zp\u011btn\u00e9 zhl\u00e9dnut\u00ed i\u00a0ve\u00a0star\u00e9 aplikaci. P\u0159esto v\u0161ak doporu\u010dujeme p\u0159echod na\u00a0novou aplikaci, kter\u00e1 u\u017eivatel\u016fm poskytuje ten\u00a0nejvy\u0161\u0161\u00ed komfort.<\/div>\n<\/li>\n<li>\n<div><strong>Nechci se\u00a0d\u00edvat na\u00a0reklamu, co\u00a0m\u00e1m d\u011blat?<\/strong><\/div>\n<div>Zakupte si\u00a0dopl\u0148kov\u00fd bal\u00ed\u010dek \u201ePrima bez reklam\u201c, kter\u00fd umo\u017en\u00ed jejich p\u0159eskakov\u00e1n\u00ed.<\/div>\n<\/li>\n<\/ul>\n<p class=\"poznamkaPodCarou\"><sup>3<\/sup> Ze\u00a0star\u00e9 aplikace na\u00a0novou je\u00a0mo\u017en\u00e9 p\u0159ej\u00edt pouze u\u00a0TV\u00a0Samsung ro\u010dn\u00edk\u016f 2017\u20132019 a\u00a0u\u00a0TV\u00a0LG\u00a0ro\u010dn\u00edk\u016f 2017\u20132022.<\/p>\n<\/div>\n<\/div>\n<\/div>\n<\/div>\n<\/section>\n<section><a name=\"balicek\"><\/a><\/p>\n<div class=\"container container-padded\">\n<div class=\"row\">\n<div class=\"col-lg-6 col-lg-push-0 col-md-12 col-md-push-2 textBlock\">\n<h2 class=\"platformHeading\">Bal\u00ed\u010dek Prima bez\u00a0reklam<\/h2>\n<p class=\"cover-info\">Funkci omezen\u00ed p\u0159et\u00e1\u010den\u00ed reklam je navr\u017eena tak, aby\u00a0v\u00e1s co\u00a0nejm\u00e9n\u011b obt\u011b\u017eovala a\u00a0vy\u00a0tak\u00a0st\u00e1le m\u011bli mo\u017enost na\u0161e aplikace plnohodnotn\u011b pou\u017e\u00edvat. P\u0159esto, pokud reklamy sledovat nechcete, je\u00a0mo\u017en\u00e9 dokoupit si\u00a0dopl\u0148kov\u00fd bal\u00ed\u010dek \u201ePrima bez reklam\u201c, kter\u00fd umo\u017en\u00ed reklamy p\u0159eskakovat.<\/p>\n<div class=\"col-md-12 col-sm-12 col-xs-12\">\u00a0<\/div>\n<\/p><\/div>\n<div class=\"col-lg-6 col-lg-push-0 text-center col-md-12 col-md-push-2 imageBlock\">\n<div><img decoding=\"async\" class=\"ilustracniFoto\" title=\"Bal\u00ed\u010dek Bez\u00a0reklam umo\u017en\u00ed p\u0159eskakovat reklamy\" src=\"https:\/\/sledovanitv.cz\/cache\/upload\/koupit-balicek-bez-reklam-rocky.png\" alt=\"Bal\u00ed\u010dek Bez\u00a0reklam umo\u017en\u00ed p\u0159eskakovat reklamy\" \/><\/div>\n<\/p><\/div>\n<\/p><\/div>\n<\/p><\/div>\n<\/section>\n<section class=\"greysection\"><a name=\"box\"><\/a><\/p>\n<div class=\"container container-padded\">\n<div class=\"row\">\n<div class=\"col-lg-6 col-lg-push-0 text-center col-md-12 col-md-push-2 imageBlock\">\n<div><img decoding=\"async\" class=\"ilustracniFoto\" title=\"Bal\u00ed\u010dek Prima bez reklam umo\u017en\u00ed p\u0159eskakovat reklamy\" src=\"https:\/\/sledovanitv.cz\/cache\/upload\/set-top-box.png\" alt=\"Bal\u00ed\u010dek Prima bez reklam umo\u017en\u00ed p\u0159eskakovat reklamy\" \/><\/div>\n<\/div>\n<div class=\"col-lg-6 col-lg-push-0 col-md-12 col-md-push-2 textBlock\">\n<h2 class=\"platformHeading\">Nov\u00fd media box pro star\u0161\u00ed televize<\/h2>\n<p class=\"cover-info\">Pokud m\u00e1te star\u0161\u00ed televizi nebo n\u011bjak\u00fd star\u0161\u00ed box a&nbsp;chcete si pln\u00fdmi dou\u0161ky u\u017e\u00edvat kan\u00e1ly FTV Prima i&nbsp;v\u0161echny pokro\u010dil\u00e9 funkce FixProTV, doporu\u010dujeme v\u00e1m koupit nov\u00fd box, kter\u00fd sta\u010d\u00ed p\u0159ipojit k&nbsp;va\u0161\u00ed televizi pomoc\u00ed HDMI kabelu. Pot\u00e9 u\u017e si m\u016f\u017eete u\u017e\u00edvat modern\u00ed televizi od FixProTV.<\/p>\n<div class=\"col-md-12 col-sm-12 col-xs-12\">\u00a0<\/div>\n<\/div>\n<\/div>\n<\/div>\n<\/section>\n","protected":false},"excerpt":{"rendered":"<p>Skupina FTV Prima od 1.&nbsp;6.&nbsp;2022 omezuje p\u0159et\u00e1\u010den\u00ed reklam na sv\u00fdch kan\u00e1lech v&nbsp;r\u00e1mci zp\u011btn\u00e9ho sledov\u00e1n\u00ed po\u0159ad\u016f. Tuto novinku Prima zav\u00e1d\u00ed plo\u0161n\u011b u&nbsp;v\u0161ech IPTV oper\u00e1tor\u016f, FixProTV bohu\u017eel toto omezen\u00ed nem\u016f\u017ee nijak ovlivnit, ignorovat ani odlo\u017eit. Tuto funkce je do&nbsp;na\u0161\u00ed televizn\u00ed platformy p\u0159id\u00e1na tak, aby v\u00e1s co nejm\u00e9n\u011b obt\u011b\u017eovala a&nbsp;vy jste st\u00e1le m\u011bli mo\u017enost na\u0161e aplikace plnohodnotn\u011b pou\u017e\u00edvat. &hellip; <a href=\"https:\/\/fixpro.cz\/omezeni-pretaceni-reklam-televize-prima\/\" class=\"more-link\">Pokra\u010dov\u00e1n\u00ed textu <span class=\"screen-reader-text\">FixProTV &#8211; omezen\u00ed p\u0159et\u00e1\u010den\u00ed reklam televize Prima<\/span> <span class=\"meta-nav\">&rarr;<\/span><\/a><\/p>\n","protected":false},"author":6,"featured_media":0,"comment_status":"closed","ping_status":"closed","sticky":false,"template":"","format":"standard","meta":{"footnotes":""},"categories":[1],"tags":[],"class_list":["post-1130","post","type-post","status-publish","format-standard","hentry","category-nezarazene"],"_links":{"self":[{"href":"https:\/\/fixpro.cz\/rest\/wp\/v2\/posts\/1130","targetHints":{"allow":["GET"]}}],"collection":[{"href":"https:\/\/fixpro.cz\/rest\/wp\/v2\/posts"}],"about":[{"href":"https:\/\/fixpro.cz\/rest\/wp\/v2\/types\/post"}],"author":[{"embeddable":true,"href":"https:\/\/fixpro.cz\/rest\/wp\/v2\/users\/6"}],"replies":[{"embeddable":true,"href":"https:\/\/fixpro.cz\/rest\/wp\/v2\/comments?post=1130"}],"version-history":[{"count":4,"href":"https:\/\/fixpro.cz\/rest\/wp\/v2\/posts\/1130\/revisions"}],"predecessor-version":[{"id":85519,"href":"https:\/\/fixpro.cz\/rest\/wp\/v2\/posts\/1130\/revisions\/85519"}],"wp:attachment":[{"href":"https:\/\/fixpro.cz\/rest\/wp\/v2\/media?parent=1130"}],"wp:term":[{"taxonomy":"category","embeddable":true,"href":"https:\/\/fixpro.cz\/rest\/wp\/v2\/categories?post=1130"},{"taxonomy":"post_tag","embeddable":true,"href":"https:\/\/fixpro.cz\/rest\/wp\/v2\/tags?post=1130"}],"curies":[{"name":"wp","href":"https:\/\/api.w.org\/{rel}","templated":true}]}}